{"id":1411,"date":"2026-08-16T18:52:00","date_gmt":"2026-08-16T18:52:00","guid":{"rendered":"https:\/\/seae-embu.org\/seae2024\/?p=1411"},"modified":"2026-08-16T18:52:01","modified_gmt":"2026-08-16T18:52:01","slug":"por-que-preservar-embu-das-artes-e-tao-importante","status":"publish","type":"post","link":"https:\/\/seae-embu.org\/seae2024\/por-que-preservar-embu-das-artes-e-tao-importante\/","title":{"rendered":"Por que preservar Embu das Artes \u00e9 t\u00e3o importante?"},"content":{"rendered":"\n<p class=\"wp-block-paragraph\">Embu das Artes teve, em 2021, sua tradicional feira reconhecida como Patrim\u00f4nio Cultural Imaterial do Estado de S\u00e3o Paulo. Mas a import\u00e2ncia do munic\u00edpio vai muito al\u00e9m desse patrim\u00f4nio. Est\u00e1 presente em sua pr\u00f3pria origem: o nome Embu, de raiz tupi, associado a M\u2019Boy (ou Bohi), remete a significados relacionados a \u201ccobra\u201d, \u201cserpente\u201d ou ao contorno dos rios locais. A pr\u00f3pria origem do nome revela uma rela\u00e7\u00e3o hist\u00f3rica entre territ\u00f3rio, \u00e1gua, natureza e cultura.<\/p>\n\n\n\n<p class=\"wp-block-paragraph\">Embu das Artes n\u00e3o pode ser compreendido apenas como destino tur\u00edstico ou como a cidade da tradicional feira de artesanato. Seu territ\u00f3rio re\u00fane saberes ancestrais, arte, cultura, biodiversidade e resist\u00eancia. Como afirma seu hino: \u201cTens progresso, gl\u00f3ria, natureza, tudo enfim\u201d. Preservar esse patrim\u00f4nio significa tamb\u00e9m proteger a natureza que sustenta a identidade e a qualidade de vida do munic\u00edpio, especialmente diante da press\u00e3o do desmatamento e da ocupa\u00e7\u00e3o urbana.<\/p>\n\n\n\n<p class=\"wp-block-paragraph\">A ancestralidade ind\u00edgena permanece presente mesmo em uma cidade inserida na din\u00e2mica metropolitana. Essa perspectiva nos convida a refletir sobre a ideia de Ailton Krenak de que \u201co futuro \u00e9 ancestral\u201d e de que precisamos aprender a \u201cpisar suavemente na terra\u201d. A floresta n\u00e3o deve ser vista apenas como recurso a ser explorado, mas como um organismo vivo, com o qual estabelecemos uma rela\u00e7\u00e3o de interdepend\u00eancia. Reconhecer essa rela\u00e7\u00e3o tamb\u00e9m significa valorizar a hist\u00f3ria e a ancestralidade que constituem Embu das Artes.<\/p>\n\n\n\n<p class=\"wp-block-paragraph\">As \u00e1reas de mata nativa do munic\u00edpio sofreram forte press\u00e3o com a urbaniza\u00e7\u00e3o, a expans\u00e3o imobili\u00e1ria e a implanta\u00e7\u00e3o de grandes vias, como o Rodoanel M\u00e1rio Covas e a Rodovia R\u00e9gis Bittencourt. Esse processo contribuiu para a degrada\u00e7\u00e3o do solo, altera\u00e7\u00f5es nos cursos d\u2019\u00e1gua, eros\u00e3o e aumento da vulnerabilidade da popula\u00e7\u00e3o em \u00e1reas sem cobertura vegetal \u2014 impactos que tamb\u00e9m podem ser compreendidos pela perspectiva do racismo ambiental, quando os danos ambientais recaem de forma desigual sobre determinados territ\u00f3rios e popula\u00e7\u00f5es.<\/p>\n\n\n\n<p class=\"wp-block-paragraph\">A perda de vegeta\u00e7\u00e3o representa tamb\u00e9m perda de patrim\u00f4nio cultural e ambiental. Segundo levantamento divulgado pelo G1 em 2022, Embu das Artes foi o munic\u00edpio que mais desmatou naquele per\u00edodo, com 14,29 hectares perdidos entre janeiro e outubro \u2014 \u00e1rea equivalente a mais de 17 campos de futebol. O dado chama ainda mais aten\u00e7\u00e3o por ocorrer apenas um ano ap\u00f3s o reconhecimento da feira como Patrim\u00f4nio Cultural Imaterial do Estado.<\/p>\n\n\n\n<p class=\"wp-block-paragraph\">A press\u00e3o da especula\u00e7\u00e3o imobili\u00e1ria sobre \u00e1reas de preserva\u00e7\u00e3o traz consequ\u00eancias que v\u00e3o al\u00e9m da paisagem. A Mata Atl\u00e2ntica exerce papel fundamental na regula\u00e7\u00e3o do clima, na manuten\u00e7\u00e3o da umidade e dos ciclos da \u00e1gua. Sua vegeta\u00e7\u00e3o contribui para a evapotranspira\u00e7\u00e3o e para a estabilidade dos ecossistemas, e sua perda afeta diretamente a fauna, a flora e a funga, al\u00e9m de alterar condi\u00e7\u00f5es ambientais importantes para a popula\u00e7\u00e3o.<\/p>\n\n\n\n<p class=\"wp-block-paragraph\">A hist\u00f3ria da Mata Atl\u00e2ntica tamb\u00e9m se confunde com a hist\u00f3ria do Brasil. Desde 1500, a explora\u00e7\u00e3o de seus recursos naturais provocou sucessivos ciclos de devasta\u00e7\u00e3o. Em Embu, por\u00e9m, a terra e a argila retiradas das margens dos rios tamb\u00e9m representam pertencimento e mem\u00f3ria. Essa rela\u00e7\u00e3o com o territ\u00f3rio contribuiu para a forma\u00e7\u00e3o da tradi\u00e7\u00e3o art\u00edstica que tornou o munic\u00edpio conhecido por seus escultores, ceramistas e artes\u00e3os.<\/p>\n\n\n\n<p class=\"wp-block-paragraph\">O conhecimento sobre as plantas e seus usos tamb\u00e9m faz parte dessa heran\u00e7a. Esp\u00e9cies como pau-brasil, urucum e jabuticaba oferecem pigmentos, alimentos e refer\u00eancias que atravessam gera\u00e7\u00f5es. A arte, nesse sentido, tamb\u00e9m nasce da rela\u00e7\u00e3o entre conhecimento, cultura e natureza.<\/p>\n\n\n\n<p class=\"wp-block-paragraph\">Preservar Embu das Artes \u00e9 preservar um territ\u00f3rio vivo. Esp\u00e9cies como emba\u00faba (Cecropia pachystachya), palmeira-ju\u00e7ara (Euterpe edulis), jeriv\u00e1 (Syagrus romanzoffiana), ing\u00e1 (Inga edulis) e ara\u00e7\u00e1 (Psidium cattleianum) integram uma rede ecol\u00f3gica que oferece alimento e abrigo para esp\u00e9cies da fauna da Mata Atl\u00e2ntica, como o sagui-da-serra-escuro (Callithrix aurita), o bugio-ruivo (Alouatta guariba), o quati (Nasua nasua) e o gato-maracaj\u00e1 (Leopardus wiedii). Aves, anf\u00edbios e r\u00e9pteis tamb\u00e9m dependem da integridade das florestas e dos corpos d\u2019\u00e1gua.<\/p>\n\n\n\n<p class=\"wp-block-paragraph\">As \u00e1reas verdes de Embu das Artes contribuem para a prote\u00e7\u00e3o do Rio Embu-Mirim, do Rio Cotia, de c\u00f3rregos e nascentes distribu\u00eddos pelo territ\u00f3rio. A APA Embu Verde ocupa cerca de 15,7 km\u00b2 e constitui importante \u00e1rea de prote\u00e7\u00e3o ambiental. As nascentes do munic\u00edpio tamb\u00e9m contribuem para a Bacia do Alto Tiet\u00ea, evidenciando que a preserva\u00e7\u00e3o de Embu ultrapassa seus limites territoriais.<\/p>\n\n\n\n<p class=\"wp-block-paragraph\">Preservar Embu das Artes \u00e9 proteger simultaneamente sua biodiversidade, seus recursos h\u00eddricos, sua hist\u00f3ria, sua cultura e a qualidade de vida de sua popula\u00e7\u00e3o. \u00c9 reconhecer que natureza e sociedade n\u00e3o s\u00e3o elementos separados, mas partes de um mesmo territ\u00f3rio.<\/p>\n\n\n\n<p class=\"wp-block-paragraph\">Na vis\u00e3o da SEAE \u2013 Sociedade Ecol\u00f3gica Amigos de Embu, preservar Embu das Artes \u00e9 cuidar de um patrim\u00f4nio que pertence a todos: a natureza, a hist\u00f3ria e a vida que se desenvolve nesse territ\u00f3rio. \u00c9 reconhecer que a conserva\u00e7\u00e3o ambiental n\u00e3o \u00e9 um obst\u00e1culo ao desenvolvimento, mas uma condi\u00e7\u00e3o para que ele aconte\u00e7a de forma sustent\u00e1vel e inclusiva.<\/p>\n\n\n\n<p class=\"wp-block-paragraph\">Cuidar de Embu \u00e9 cuidar de sua mem\u00f3ria e de seu futuro \u2014 mantendo viva a rela\u00e7\u00e3o entre natureza, hist\u00f3ria, cultura e vida.<br><br>Artigo por Miri\u00e3 Moraes e Cynthia Jobim<br><\/p>\n","protected":false},"excerpt":{"rendered":"<p>Embu das Artes teve, em 2021, sua tradicional feira reconhecida como Patrim\u00f4nio Cultural Imaterial do Estado de S\u00e3o Paulo. Mas [&hellip;]<\/p>\n","protected":false},"author":2,"featured_media":1412,"comment_status":"open","ping_status":"open","sticky":false,"template":"","format":"standard","meta":{"nf_dc_page":"","_uag_custom_page_level_css":"","site-sidebar-layout":"default","site-content-layout":"","ast-site-content-layout":"default","site-content-style":"default","site-sidebar-style":"default","ast-global-header-display":"","ast-banner-title-visibility":"","ast-main-header-display":"","ast-hfb-above-header-display":"","ast-hfb-below-header-display":"","ast-hfb-mobile-header-display":"","site-post-title":"","ast-breadcrumbs-content":"","ast-featured-img":"","footer-sml-layout":"","ast-disable-related-posts":"","theme-transparent-header-meta":"","adv-header-id-meta":"","stick-header-meta":"","header-above-stick-meta":"","header-main-stick-meta":"","header-below-stick-meta":"","astra-migrate-meta-layouts":"default","ast-page-background-enabled":"default","ast-page-background-meta":{"desktop":{"background-color":"var(--ast-global-color-4)","background-image":"","background-repeat":"repeat","background-position":"center center","background-size":"auto","background-attachment":"scroll","background-type":"","background-media":"","overlay-type":"","overlay-color":"","overlay-opacity":"","overlay-gradient":""},"tablet":{"background-color":"","background-image":"","background-repeat":"repeat","background-position":"center center","background-size":"auto","background-attachment":"scroll","background-type":"","background-media":"","overlay-type":"","overlay-color":"","overlay-opacity":"","overlay-gradient":""},"mobile":{"background-color":"","background-image":"","background-repeat":"repeat","background-position":"center center","background-size":"auto","background-attachment":"scroll","background-type":"","background-media":"","overlay-type":"","overlay-color":"","overlay-opacity":"","overlay-gradient":""}},"ast-content-background-meta":{"desktop":{"background-color":"var(--ast-global-color-5)","background-image":"","background-repeat":"repeat","background-position":"center center","background-size":"auto","background-attachment":"scroll","background-type":"","background-media":"","overlay-type":"","overlay-color":"","overlay-opacity":"","overlay-gradient":""},"tablet":{"background-color":"var(--ast-global-color-5)","background-image":"","background-repeat":"repeat","background-position":"center center","background-size":"auto","background-attachment":"scroll","background-type":"","background-media":"","overlay-type":"","overlay-color":"","overlay-opacity":"","overlay-gradient":""},"mobile":{"background-color":"var(--ast-global-color-5)","background-image":"","background-repeat":"repeat","background-position":"center center","background-size":"auto","background-attachment":"scroll","background-type":"","background-media":"","overlay-type":"","overlay-color":"","overlay-opacity":"","overlay-gradient":""}},"footnotes":""},"categories":[1],"tags":[],"class_list":["post-1411","post","type-post","status-publish","format-standard","has-post-thumbnail","hentry","category-uncategorized"],"uagb_featured_image_src":{"full":["https:\/\/seae-embu.org\/seae2024\/wp-content\/uploads\/2026\/08\/imagem-de-destaque.jpg",850,610,false],"thumbnail":["https:\/\/seae-embu.org\/seae2024\/wp-content\/uploads\/2026\/08\/imagem-de-destaque-150x150.jpg",150,150,true],"medium":["https:\/\/seae-embu.org\/seae2024\/wp-content\/uploads\/2026\/08\/imagem-de-destaque-300x215.jpg",300,215,true],"medium_large":["https:\/\/seae-embu.org\/seae2024\/wp-content\/uploads\/2026\/08\/imagem-de-destaque-768x551.jpg",768,551,true],"large":["https:\/\/seae-embu.org\/seae2024\/wp-content\/uploads\/2026\/08\/imagem-de-destaque.jpg",850,610,false],"1536x1536":["https:\/\/seae-embu.org\/seae2024\/wp-content\/uploads\/2026\/08\/imagem-de-destaque.jpg",850,610,false],"2048x2048":["https:\/\/seae-embu.org\/seae2024\/wp-content\/uploads\/2026\/08\/imagem-de-destaque.jpg",850,610,false]},"uagb_author_info":{"display_name":"SEAE EMBU","author_link":"https:\/\/seae-embu.org\/seae2024\/author\/seae2024\/"},"uagb_comment_info":0,"uagb_excerpt":"Embu das Artes teve, em 2021, sua tradicional feira reconhecida como Patrim\u00f4nio Cultural Imaterial do Estado de S\u00e3o Paulo. Mas [&hellip;]","_links":{"self":[{"href":"https:\/\/seae-embu.org\/seae2024\/wp-json\/wp\/v2\/posts\/1411","targetHints":{"allow":["GET"]}}],"collection":[{"href":"https:\/\/seae-embu.org\/seae2024\/wp-json\/wp\/v2\/posts"}],"about":[{"href":"https:\/\/seae-embu.org\/seae2024\/wp-json\/wp\/v2\/types\/post"}],"author":[{"embeddable":true,"href":"https:\/\/seae-embu.org\/seae2024\/wp-json\/wp\/v2\/users\/2"}],"replies":[{"embeddable":true,"href":"https:\/\/seae-embu.org\/seae2024\/wp-json\/wp\/v2\/comments?post=1411"}],"version-history":[{"count":1,"href":"https:\/\/seae-embu.org\/seae2024\/wp-json\/wp\/v2\/posts\/1411\/revisions"}],"predecessor-version":[{"id":1413,"href":"https:\/\/seae-embu.org\/seae2024\/wp-json\/wp\/v2\/posts\/1411\/revisions\/1413"}],"wp:featuredmedia":[{"embeddable":true,"href":"https:\/\/seae-embu.org\/seae2024\/wp-json\/wp\/v2\/media\/1412"}],"wp:attachment":[{"href":"https:\/\/seae-embu.org\/seae2024\/wp-json\/wp\/v2\/media?parent=1411"}],"wp:term":[{"taxonomy":"category","embeddable":true,"href":"https:\/\/seae-embu.org\/seae2024\/wp-json\/wp\/v2\/categories?post=1411"},{"taxonomy":"post_tag","embeddable":true,"href":"https:\/\/seae-embu.org\/seae2024\/wp-json\/wp\/v2\/tags?post=1411"}],"curies":[{"name":"wp","href":"https:\/\/api.w.org\/{rel}","templated":true}]}}